{"id":1131,"date":"2019-11-28T10:59:10","date_gmt":"2019-11-28T09:59:10","guid":{"rendered":"https:\/\/questing.pl\/sladami-integracji-europejskiej-w-zielonej-gorze-i-swiebodzinie\/"},"modified":"2023-12-28T11:40:10","modified_gmt":"2023-12-28T10:40:10","slug":"sladami-integracji-europejskiej-w-zielonej-gorze-i-swiebodzinie","status":"publish","type":"post","link":"https:\/\/questing.pl\/sladami-integracji-europejskiej-w-zielonej-gorze-i-swiebodzinie\/","title":{"rendered":"\u201e\u015aladami integracji europejskiej w Zielonej G\u00f3rze i \u015awiebodzinie\u201d"},"content":{"rendered":"<p><strong>Dzi\u0119ki questingowi w nieszablonowy spos\u00f3b mo\u017cemy sta\u0107 si\u0119 uczestnikami fascynuj\u0105cej przygody, poszukiwaczami \u015blad\u00f3w przesz\u0142o\u015bci i tera\u017aniejszo\u015bci, a nawet, jak si\u0119 okazuje efekt\u00f3w integracji europejskiej.<\/strong><\/p>\n<p><a href=\"http:\/\/questing.pl\/wp-content\/uploads\/2019\/12\/Z_G_BELKA.jpg\"><img loading=\"lazy\" decoding=\"async\" class=\"alignleft size-medium wp-image-7968\" src=\"http:\/\/questing.pl\/wp-content\/uploads\/2019\/12\/Z_G_BELKA-300x300.jpg\" alt=\"\" width=\"300\" height=\"300\" \/><\/a>Na zaproszenie Stowarzyszenia CURTEZ i LOT \u015aWIEBODA, Fundacja Questingu przeprowadzi\u0142a dwudniowe warsztaty z metodologii tworzenia quest\u00f3w. Wzi\u0119\u0142y w nich udzia\u0142 osoby, kt\u00f3re dobrze znaj\u0105 Zielon\u0105 G\u00f3r\u0119 i \u015awiebodzin, maj\u0105 wiedz\u0119 naukow\u0105, znaj\u0105 histori\u0119, legendy i miejscowe anegdoty. W\u015br\u00f3d nich znale\u017ali si\u0119 przedstawiciele szk\u00f3\u0142 ponadpodstawowych, Uniwersytetu Trzeciego Wieku, historycy i lokalni przewodnicy turystyczni. Do ich grona do\u0142\u0105czyli r\u00f3wnie\u017c reprezentanci instytucji i organizacji, kt\u00f3re udost\u0119pni\u0142y uczestnikom r\u00f3\u017cnego rodzaju mapy i publikacje archiwalne oraz wsp\u00f3\u0142czesne dokumenty i informacje dotycz\u0105ce efekt\u00f3w wst\u0105pienia Polski do Unii Europejskiej.<br \/>\nPo zako\u0144czeniu cz\u0119\u015bci teoretycznej uczestnicy warsztat\u00f3w wyruszyli w teren, by zweryfikowa\u0107 swoje pomys\u0142y i zdobyte informacje.<br \/>\nEfektem ich pracy s\u0105 dwie nowe \u015bcie\u017cki questingowe \u0142\u0105cz\u0105ce przesz\u0142o\u015b\u0107 i tera\u017aniejszo\u015b\u0107 obu miast &#8211; \u201eSzlakiem oprawcy\u201d w Zielonej G\u00f3rze i \u201cP\u0119dz\u0105c do wiejskiej sielanki\u201d w okolicach \u015awiebodzina.<\/p>\n<p><strong>\u201eSzlakiem oprawcy\u201d<\/strong><br \/>\nZielona G\u00f3ra znana jest dzi\u0119ki swemu malowniczemu po\u0142o\u017ceniu na zboczu doliny rzeki Odry, w\u015br\u00f3d <a href=\"http:\/\/questing.pl\/wp-content\/uploads\/2019\/11\/PIERWSZA_STRONA-1.jpg\"><img loading=\"lazy\" decoding=\"async\" class=\"alignright size-medium wp-image-7842\" src=\"http:\/\/questing.pl\/wp-content\/uploads\/2019\/11\/PIERWSZA_STRONA-1-300x240.jpg\" alt=\"\" width=\"300\" height=\"240\" \/><\/a>otaczaj\u0105cych j\u0105 wzg\u00f3rz Wa\u0142u Zielonog\u00f3rskiego.<br \/>\nZielona G\u00f3ra to tak\u017ce miasto s\u0142yn\u0105ce od wiek\u00f3w z upraw winnej latoro\u015bli i produkcji wina. W niemieckich kronikach pojawiaj\u0105 si\u0119 wzmianki o pierwszych krzewach winoro\u015bli posadzonych w tym regionie ok. 1150 roku. Ta d\u0142uga tradycja piel\u0119gnowana jest do dzisiaj, a we wrze\u015bniu winobranie przyci\u0105ga do miasta rzesze turyst\u00f3w. Wszyscy te\u017c znaj\u0105 mistrzowsk\u0105 zielonog\u00f3rsk\u0105 dru\u017cyn\u0119 \u017cu\u017clow\u0105.<br \/>\nJednak ma\u0142o kto wie, \u017ce w latach 1652-1669 w Zielonej G\u00f3rze odbywa\u0142y si\u0119 g\u0142o\u015bne w tamtych czasach \u201cprocesy czarownic\u201d, w wyniku kt\u00f3rych na stosach spalono kilkana\u015bcie kobiet. Procederu tego zakazano w 1669 roku, pozbawiaj\u0105c jednocze\u015bnie lokalne s\u0105dy prawa do wydawania tego rodzaju wyrok\u00f3w. Historia ta sta\u0142a si\u0119 inspiracj\u0105 do stworzenia scenariusza pierwszego questu.<br \/>\n\u201eSzlakiem oprawcy\u201d to quest, kt\u00f3ry rozpoczyna si\u0119 na rozwidleniu ulic Batorego i D\u0105browskiego w Zielonej G\u00f3rze w miejscu, gdzie znajduj\u0105 si\u0119\u2026 dyby. Narz\u0119dzie to stosowane w dawnych czasach do publicznego karania z\u0142oczy\u0144c\u00f3w, sta\u0142o si\u0119 punktem wyj\u015bcia dla opowie\u015bci, kt\u00f3rej narratorem jest miejscowy kat. W\u0119druj\u0105c razem z nim ulicami Zielonej G\u00f3ry poznamy histori\u0119 tego niechlubnego zawodu, r\u00f3\u017cne ciekawostki i miejsca zwi\u0105zane z jego \u017cyciem. Nie zabraknie r\u00f3wnie\u017c nawi\u0105zania do wsp\u00f3\u0142czesno\u015bci, a dzi\u0119ki obecnym w mie\u015bcie tablicom i znakom questowicz b\u0119dzie m\u00f3g\u0142 rozwi\u0105zywa\u0107 zagadki i rebusy pokonuj\u0105c kolejne etapy swojej w\u0119dr\u00f3wki, by ostatecznie dotrze\u0107 do celu.<\/p>\n<p><strong>\u201cP\u0119dz\u0105c do wiejskiej sielanki\u201d<\/strong><br \/>\nKa\u017cde wojew\u00f3dztwo, powiat, gmina czy miasto mo\u017ce pochwali\u0107 si\u0119 efektami nowych inwestycji lub modernizacji istniej\u0105cych wcze\u015bniej budynk\u00f3w, dr\u00f3g, atrakcji turystycznych, kt\u00f3re zosta\u0142y zrealizowane dzi\u0119ki wst\u0105pieniu Polski do Unii Europejskiej. Podobnie jest r\u00f3wnie\u017c w \u015awiebodzinie i okolicach. To w\u0142a\u015bnie w jego pobli\u017cu przecinaj\u0105 si\u0119 wa\u017cne szlaki drogowe i kolejowe \u0142\u0105cz\u0105ce Skandynawi\u0119 z po\u0142udniem Europy i Warszaw\u0119 z Berlinem, a dzi\u0119ki inwestycjom realizowanym w ostatnich latach przebiegaj\u0105 t\u0119dy odcinki autostrady A2 Pary\u017c-Moskwa oraz S3 Szczecin-Praga.<br \/>\nDo odszukania m.in. \u015blad\u00f3w integracji europejskiej w okolicach \u015awiebodzina zaprasza narrator drugiej \u015bcie\u017cki questingowej \u201eP\u0119dz\u0105c do wiejskiej sielanki\u201d. Tym razem jest to wyprawa rowerowa.<br \/>\nPokonuj\u0105c na dw\u00f3ch k\u00f3\u0142kach kolejne kilometry b\u0119dzie mo\u017cna nie tylko podziwia\u0107 przepi\u0119kne tereny gmin \u015awiebodzin oraz Sk\u0105pe, ale r\u00f3wnie\u017c wzbogaci\u0107 swoj\u0105 wiedz\u0119 na temat tutejszych jezior, wyst\u0119puj\u0105cych tu gatunk\u00f3w zwierz\u0105t i ro\u015blin, a tak\u017ce interesuj\u0105cych budowli i tytu\u0142owej wiejskiej sielanki. Gdzie ona si\u0119 znajduje? Tego absolutnie zdradzi\u0107 nie mo\u017cemy, bowiem ca\u0142a zabawa zosta\u0142aby zepsuta, zanim tak naprawd\u0119 by si\u0119 rozpocz\u0119\u0142a. Jednak, aby zach\u0119ci\u0107 do pokonania trasy, na ko\u0144cu kt\u00f3rej kryje si\u0119 \u201eskarb\u201d, wystarczy powiedzie\u0107, \u017ce odkrywcy przemierz\u0105 kilka ciekawych szlak\u00f3w, przeje\u017cd\u017caj\u0105c przez miejscowo\u015bci po\u0142o\u017cone w gminach \u015awiebodzin i Sk\u0105pe. To w\u0142a\u015bnie w nich, dzi\u0119ki swojej <a href=\"http:\/\/questing.pl\/wp-content\/uploads\/2019\/11\/PIERWSZA_STRONA-2.jpg\"><img loading=\"lazy\" decoding=\"async\" class=\"alignright size-medium wp-image-7851\" src=\"http:\/\/questing.pl\/wp-content\/uploads\/2019\/11\/PIERWSZA_STRONA-2-300x146.jpg\" alt=\"\" width=\"300\" height=\"146\" \/><\/a>spostrzegawczo\u015bci, b\u0119d\u0105 mogli zobaczy\u0107 rzeczy, na kt\u00f3re ma\u0142o kiedy zwracamy uwag\u0119. A szkoda, bowiem s\u0105 niezwykle interesuj\u0105ce.<br \/>\nWarto wspomnie\u0107, \u017ce to ju\u017c trzecia \u015bcie\u017cka questingowa, kt\u00f3ra powsta\u0142a w \u015awiebodzinie, dzi\u0119ki LOT \u015aWIEBODA i wsp\u00f3\u0142pracy z lokaln\u0105 spo\u0142eczno\u015bci\u0105.<\/p>\n","protected":false},"excerpt":{"rendered":"<p>Dzi\u0119ki questingowi w nieszablonowy spos\u00f3b mo\u017cemy sta\u0107 si\u0119 uczestnikami fascynuj\u0105cej przygody, poszukiwaczami \u015blad\u00f3w przesz\u0142o\u015bci i tera\u017aniejszo\u015bci, a nawet, jak si\u0119 okazuje efekt\u00f3w integracji europejskiej. Na zaproszenie Stowarzyszenia CURTEZ i LOT \u015aWIEBODA, Fundacja Questingu przeprowadzi\u0142a dwudniowe warsztaty z metodologii tworzenia quest\u00f3w. Wzi\u0119\u0142y w nich udzia\u0142 osoby, kt\u00f3re dobrze znaj\u0105 Zielon\u0105 G\u00f3r\u0119 i \u015awiebodzin, maj\u0105 wiedz\u0119 naukow\u0105, [&hellip;]<\/p>\n","protected":false},"author":1,"featured_media":0,"comment_status":"open","ping_status":"open","sticky":false,"template":"","format":"standard","meta":{"footnotes":""},"categories":[24],"tags":[],"class_list":["post-1131","post","type-post","status-publish","format-standard","hentry","category-aktualnosci"],"yoast_head":"<!-- This site is optimized with the Yoast SEO plugin v25.6 - https:\/\/yoast.com\/wordpress\/plugins\/seo\/ -->\n<title>\u201e\u015aladami integracji europejskiej w Zielonej G\u00f3rze i \u015awiebodzinie\u201d - Questing<\/title>\n<meta name=\"robots\" content=\"index, follow, max-snippet:-1, max-image-preview:large, max-video-preview:-1\" \/>\n<link rel=\"canonical\" href=\"https:\/\/questing.pl\/sladami-integracji-europejskiej-w-zielonej-gorze-i-swiebodzinie\/\" \/>\n<meta property=\"og:locale\" content=\"pl_PL\" \/>\n<meta property=\"og:type\" content=\"article\" \/>\n<meta property=\"og:title\" content=\"\u201e\u015aladami integracji europejskiej w Zielonej G\u00f3rze i \u015awiebodzinie\u201d - Questing\" \/>\n<meta property=\"og:description\" content=\"Dzi\u0119ki questingowi w nieszablonowy spos\u00f3b mo\u017cemy sta\u0107 si\u0119 uczestnikami fascynuj\u0105cej przygody, poszukiwaczami \u015blad\u00f3w przesz\u0142o\u015bci i tera\u017aniejszo\u015bci, a nawet, jak si\u0119 okazuje efekt\u00f3w integracji europejskiej. Na zaproszenie Stowarzyszenia CURTEZ i LOT \u015aWIEBODA, Fundacja Questingu przeprowadzi\u0142a dwudniowe warsztaty z metodologii tworzenia quest\u00f3w. Wzi\u0119\u0142y w nich udzia\u0142 osoby, kt\u00f3re dobrze znaj\u0105 Zielon\u0105 G\u00f3r\u0119 i \u015awiebodzin, maj\u0105 wiedz\u0119 naukow\u0105, [&hellip;]\" \/>\n<meta property=\"og:url\" content=\"https:\/\/questing.pl\/sladami-integracji-europejskiej-w-zielonej-gorze-i-swiebodzinie\/\" \/>\n<meta property=\"og:site_name\" content=\"Questing\" \/>\n<meta property=\"article:publisher\" content=\"https:\/\/www.facebook.com\/QuestingPL\" \/>\n<meta property=\"article:published_time\" content=\"2019-11-28T09:59:10+00:00\" \/>\n<meta property=\"article:modified_time\" content=\"2023-12-28T10:40:10+00:00\" \/>\n<meta property=\"og:image\" content=\"http:\/\/questing.pl\/wp-content\/uploads\/2019\/12\/Z_G_BELKA-300x300.jpg\" \/>\n<meta name=\"author\" content=\"admin\" \/>\n<meta name=\"twitter:card\" content=\"summary_large_image\" \/>\n<meta name=\"twitter:label1\" content=\"Napisane przez\" \/>\n\t<meta name=\"twitter:data1\" content=\"admin\" \/>\n\t<meta name=\"twitter:label2\" content=\"Szacowany czas czytania\" \/>\n\t<meta name=\"twitter:data2\" content=\"4 minuty\" \/>\n<script type=\"application\/ld+json\" class=\"yoast-schema-graph\">{\"@context\":\"https:\/\/schema.org\",\"@graph\":[{\"@type\":\"Article\",\"@id\":\"https:\/\/questing.pl\/sladami-integracji-europejskiej-w-zielonej-gorze-i-swiebodzinie\/#article\",\"isPartOf\":{\"@id\":\"https:\/\/questing.pl\/sladami-integracji-europejskiej-w-zielonej-gorze-i-swiebodzinie\/\"},\"author\":{\"name\":\"admin\",\"@id\":\"https:\/\/questing.pl\/#\/schema\/person\/5e7ab9abd5b3cb7c6187e740c19cdb4e\"},\"headline\":\"\u201e\u015aladami integracji europejskiej w Zielonej G\u00f3rze i \u015awiebodzinie\u201d\",\"datePublished\":\"2019-11-28T09:59:10+00:00\",\"dateModified\":\"2023-12-28T10:40:10+00:00\",\"mainEntityOfPage\":{\"@id\":\"https:\/\/questing.pl\/sladami-integracji-europejskiej-w-zielonej-gorze-i-swiebodzinie\/\"},\"wordCount\":791,\"commentCount\":0,\"publisher\":{\"@id\":\"https:\/\/questing.pl\/#organization\"},\"image\":{\"@id\":\"https:\/\/questing.pl\/sladami-integracji-europejskiej-w-zielonej-gorze-i-swiebodzinie\/#primaryimage\"},\"thumbnailUrl\":\"http:\/\/questing.pl\/wp-content\/uploads\/2019\/12\/Z_G_BELKA-300x300.jpg\",\"articleSection\":[\"Aktualno\u015bci\"],\"inLanguage\":\"pl-PL\",\"potentialAction\":[{\"@type\":\"CommentAction\",\"name\":\"Comment\",\"target\":[\"https:\/\/questing.pl\/sladami-integracji-europejskiej-w-zielonej-gorze-i-swiebodzinie\/#respond\"]}]},{\"@type\":\"WebPage\",\"@id\":\"https:\/\/questing.pl\/sladami-integracji-europejskiej-w-zielonej-gorze-i-swiebodzinie\/\",\"url\":\"https:\/\/questing.pl\/sladami-integracji-europejskiej-w-zielonej-gorze-i-swiebodzinie\/\",\"name\":\"\u201e\u015aladami integracji europejskiej w Zielonej G\u00f3rze i \u015awiebodzinie\u201d - Questing\",\"isPartOf\":{\"@id\":\"https:\/\/questing.pl\/#website\"},\"primaryImageOfPage\":{\"@id\":\"https:\/\/questing.pl\/sladami-integracji-europejskiej-w-zielonej-gorze-i-swiebodzinie\/#primaryimage\"},\"image\":{\"@id\":\"https:\/\/questing.pl\/sladami-integracji-europejskiej-w-zielonej-gorze-i-swiebodzinie\/#primaryimage\"},\"thumbnailUrl\":\"http:\/\/questing.pl\/wp-content\/uploads\/2019\/12\/Z_G_BELKA-300x300.jpg\",\"datePublished\":\"2019-11-28T09:59:10+00:00\",\"dateModified\":\"2023-12-28T10:40:10+00:00\",\"breadcrumb\":{\"@id\":\"https:\/\/questing.pl\/sladami-integracji-europejskiej-w-zielonej-gorze-i-swiebodzinie\/#breadcrumb\"},\"inLanguage\":\"pl-PL\",\"potentialAction\":[{\"@type\":\"ReadAction\",\"target\":[\"https:\/\/questing.pl\/sladami-integracji-europejskiej-w-zielonej-gorze-i-swiebodzinie\/\"]}]},{\"@type\":\"ImageObject\",\"inLanguage\":\"pl-PL\",\"@id\":\"https:\/\/questing.pl\/sladami-integracji-europejskiej-w-zielonej-gorze-i-swiebodzinie\/#primaryimage\",\"url\":\"\",\"contentUrl\":\"\"},{\"@type\":\"BreadcrumbList\",\"@id\":\"https:\/\/questing.pl\/sladami-integracji-europejskiej-w-zielonej-gorze-i-swiebodzinie\/#breadcrumb\",\"itemListElement\":[{\"@type\":\"ListItem\",\"position\":1,\"name\":\"Strona g\u0142\u00f3wna\",\"item\":\"https:\/\/questing.pl\/\"},{\"@type\":\"ListItem\",\"position\":2,\"name\":\"\u201e\u015aladami integracji europejskiej w Zielonej G\u00f3rze i \u015awiebodzinie\u201d\"}]},{\"@type\":\"WebSite\",\"@id\":\"https:\/\/questing.pl\/#website\",\"url\":\"https:\/\/questing.pl\/\",\"name\":\"Questing\",\"description\":\"\",\"publisher\":{\"@id\":\"https:\/\/questing.pl\/#organization\"},\"potentialAction\":[{\"@type\":\"SearchAction\",\"target\":{\"@type\":\"EntryPoint\",\"urlTemplate\":\"https:\/\/questing.pl\/?s={search_term_string}\"},\"query-input\":{\"@type\":\"PropertyValueSpecification\",\"valueRequired\":true,\"valueName\":\"search_term_string\"}}],\"inLanguage\":\"pl-PL\"},{\"@type\":\"Organization\",\"@id\":\"https:\/\/questing.pl\/#organization\",\"name\":\"Fundacja Questingu\",\"url\":\"https:\/\/questing.pl\/\",\"logo\":{\"@type\":\"ImageObject\",\"inLanguage\":\"pl-PL\",\"@id\":\"https:\/\/questing.pl\/#\/schema\/logo\/image\/\",\"url\":\"https:\/\/questing.pl\/wp-content\/uploads\/2023\/10\/logo.svg\",\"contentUrl\":\"https:\/\/questing.pl\/wp-content\/uploads\/2023\/10\/logo.svg\",\"width\":1,\"height\":1,\"caption\":\"Fundacja Questingu\"},\"image\":{\"@id\":\"https:\/\/questing.pl\/#\/schema\/logo\/image\/\"},\"sameAs\":[\"https:\/\/www.facebook.com\/QuestingPL\",\"https:\/\/www.instagram.com\/questing.pl\/\"]},{\"@type\":\"Person\",\"@id\":\"https:\/\/questing.pl\/#\/schema\/person\/5e7ab9abd5b3cb7c6187e740c19cdb4e\",\"name\":\"admin\",\"sameAs\":[\"https:\/\/questing.pl\"]}]}<\/script>\n<!-- \/ Yoast SEO plugin. -->","yoast_head_json":{"title":"\u201e\u015aladami integracji europejskiej w Zielonej G\u00f3rze i \u015awiebodzinie\u201d - Questing","robots":{"index":"index","follow":"follow","max-snippet":"max-snippet:-1","max-image-preview":"max-image-preview:large","max-video-preview":"max-video-preview:-1"},"canonical":"https:\/\/questing.pl\/sladami-integracji-europejskiej-w-zielonej-gorze-i-swiebodzinie\/","og_locale":"pl_PL","og_type":"article","og_title":"\u201e\u015aladami integracji europejskiej w Zielonej G\u00f3rze i \u015awiebodzinie\u201d - Questing","og_description":"Dzi\u0119ki questingowi w nieszablonowy spos\u00f3b mo\u017cemy sta\u0107 si\u0119 uczestnikami fascynuj\u0105cej przygody, poszukiwaczami \u015blad\u00f3w przesz\u0142o\u015bci i tera\u017aniejszo\u015bci, a nawet, jak si\u0119 okazuje efekt\u00f3w integracji europejskiej. Na zaproszenie Stowarzyszenia CURTEZ i LOT \u015aWIEBODA, Fundacja Questingu przeprowadzi\u0142a dwudniowe warsztaty z metodologii tworzenia quest\u00f3w. Wzi\u0119\u0142y w nich udzia\u0142 osoby, kt\u00f3re dobrze znaj\u0105 Zielon\u0105 G\u00f3r\u0119 i \u015awiebodzin, maj\u0105 wiedz\u0119 naukow\u0105, [&hellip;]","og_url":"https:\/\/questing.pl\/sladami-integracji-europejskiej-w-zielonej-gorze-i-swiebodzinie\/","og_site_name":"Questing","article_publisher":"https:\/\/www.facebook.com\/QuestingPL","article_published_time":"2019-11-28T09:59:10+00:00","article_modified_time":"2023-12-28T10:40:10+00:00","og_image":[{"url":"http:\/\/questing.pl\/wp-content\/uploads\/2019\/12\/Z_G_BELKA-300x300.jpg","type":"","width":"","height":""}],"author":"admin","twitter_card":"summary_large_image","twitter_misc":{"Napisane przez":"admin","Szacowany czas czytania":"4 minuty"},"schema":{"@context":"https:\/\/schema.org","@graph":[{"@type":"Article","@id":"https:\/\/questing.pl\/sladami-integracji-europejskiej-w-zielonej-gorze-i-swiebodzinie\/#article","isPartOf":{"@id":"https:\/\/questing.pl\/sladami-integracji-europejskiej-w-zielonej-gorze-i-swiebodzinie\/"},"author":{"name":"admin","@id":"https:\/\/questing.pl\/#\/schema\/person\/5e7ab9abd5b3cb7c6187e740c19cdb4e"},"headline":"\u201e\u015aladami integracji europejskiej w Zielonej G\u00f3rze i \u015awiebodzinie\u201d","datePublished":"2019-11-28T09:59:10+00:00","dateModified":"2023-12-28T10:40:10+00:00","mainEntityOfPage":{"@id":"https:\/\/questing.pl\/sladami-integracji-europejskiej-w-zielonej-gorze-i-swiebodzinie\/"},"wordCount":791,"commentCount":0,"publisher":{"@id":"https:\/\/questing.pl\/#organization"},"image":{"@id":"https:\/\/questing.pl\/sladami-integracji-europejskiej-w-zielonej-gorze-i-swiebodzinie\/#primaryimage"},"thumbnailUrl":"http:\/\/questing.pl\/wp-content\/uploads\/2019\/12\/Z_G_BELKA-300x300.jpg","articleSection":["Aktualno\u015bci"],"inLanguage":"pl-PL","potentialAction":[{"@type":"CommentAction","name":"Comment","target":["https:\/\/questing.pl\/sladami-integracji-europejskiej-w-zielonej-gorze-i-swiebodzinie\/#respond"]}]},{"@type":"WebPage","@id":"https:\/\/questing.pl\/sladami-integracji-europejskiej-w-zielonej-gorze-i-swiebodzinie\/","url":"https:\/\/questing.pl\/sladami-integracji-europejskiej-w-zielonej-gorze-i-swiebodzinie\/","name":"\u201e\u015aladami integracji europejskiej w Zielonej G\u00f3rze i \u015awiebodzinie\u201d - Questing","isPartOf":{"@id":"https:\/\/questing.pl\/#website"},"primaryImageOfPage":{"@id":"https:\/\/questing.pl\/sladami-integracji-europejskiej-w-zielonej-gorze-i-swiebodzinie\/#primaryimage"},"image":{"@id":"https:\/\/questing.pl\/sladami-integracji-europejskiej-w-zielonej-gorze-i-swiebodzinie\/#primaryimage"},"thumbnailUrl":"http:\/\/questing.pl\/wp-content\/uploads\/2019\/12\/Z_G_BELKA-300x300.jpg","datePublished":"2019-11-28T09:59:10+00:00","dateModified":"2023-12-28T10:40:10+00:00","breadcrumb":{"@id":"https:\/\/questing.pl\/sladami-integracji-europejskiej-w-zielonej-gorze-i-swiebodzinie\/#breadcrumb"},"inLanguage":"pl-PL","potentialAction":[{"@type":"ReadAction","target":["https:\/\/questing.pl\/sladami-integracji-europejskiej-w-zielonej-gorze-i-swiebodzinie\/"]}]},{"@type":"ImageObject","inLanguage":"pl-PL","@id":"https:\/\/questing.pl\/sladami-integracji-europejskiej-w-zielonej-gorze-i-swiebodzinie\/#primaryimage","url":"","contentUrl":""},{"@type":"BreadcrumbList","@id":"https:\/\/questing.pl\/sladami-integracji-europejskiej-w-zielonej-gorze-i-swiebodzinie\/#breadcrumb","itemListElement":[{"@type":"ListItem","position":1,"name":"Strona g\u0142\u00f3wna","item":"https:\/\/questing.pl\/"},{"@type":"ListItem","position":2,"name":"\u201e\u015aladami integracji europejskiej w Zielonej G\u00f3rze i \u015awiebodzinie\u201d"}]},{"@type":"WebSite","@id":"https:\/\/questing.pl\/#website","url":"https:\/\/questing.pl\/","name":"Questing","description":"","publisher":{"@id":"https:\/\/questing.pl\/#organization"},"potentialAction":[{"@type":"SearchAction","target":{"@type":"EntryPoint","urlTemplate":"https:\/\/questing.pl\/?s={search_term_string}"},"query-input":{"@type":"PropertyValueSpecification","valueRequired":true,"valueName":"search_term_string"}}],"inLanguage":"pl-PL"},{"@type":"Organization","@id":"https:\/\/questing.pl\/#organization","name":"Fundacja Questingu","url":"https:\/\/questing.pl\/","logo":{"@type":"ImageObject","inLanguage":"pl-PL","@id":"https:\/\/questing.pl\/#\/schema\/logo\/image\/","url":"https:\/\/questing.pl\/wp-content\/uploads\/2023\/10\/logo.svg","contentUrl":"https:\/\/questing.pl\/wp-content\/uploads\/2023\/10\/logo.svg","width":1,"height":1,"caption":"Fundacja Questingu"},"image":{"@id":"https:\/\/questing.pl\/#\/schema\/logo\/image\/"},"sameAs":["https:\/\/www.facebook.com\/QuestingPL","https:\/\/www.instagram.com\/questing.pl\/"]},{"@type":"Person","@id":"https:\/\/questing.pl\/#\/schema\/person\/5e7ab9abd5b3cb7c6187e740c19cdb4e","name":"admin","sameAs":["https:\/\/questing.pl"]}]}},"_links":{"self":[{"href":"https:\/\/questing.pl\/wp-api\/wp\/v2\/posts\/1131","targetHints":{"allow":["GET"]}}],"collection":[{"href":"https:\/\/questing.pl\/wp-api\/wp\/v2\/posts"}],"about":[{"href":"https:\/\/questing.pl\/wp-api\/wp\/v2\/types\/post"}],"author":[{"embeddable":true,"href":"https:\/\/questing.pl\/wp-api\/wp\/v2\/users\/1"}],"replies":[{"embeddable":true,"href":"https:\/\/questing.pl\/wp-api\/wp\/v2\/comments?post=1131"}],"version-history":[{"count":0,"href":"https:\/\/questing.pl\/wp-api\/wp\/v2\/posts\/1131\/revisions"}],"wp:attachment":[{"href":"https:\/\/questing.pl\/wp-api\/wp\/v2\/media?parent=1131"}],"wp:term":[{"taxonomy":"category","embeddable":true,"href":"https:\/\/questing.pl\/wp-api\/wp\/v2\/categories?post=1131"},{"taxonomy":"post_tag","embeddable":true,"href":"https:\/\/questing.pl\/wp-api\/wp\/v2\/tags?post=1131"}],"curies":[{"name":"wp","href":"https:\/\/api.w.org\/{rel}","templated":true}]}}