{"id":1158,"date":"2020-07-03T06:51:44","date_gmt":"2020-07-03T04:51:44","guid":{"rendered":"https:\/\/questing.pl\/wakacje-to-idealny-czas-na-questowanie-inauguracja-nowego-questu-w-parku-miniatur-juz-5-lipca-swietokrzyskie\/"},"modified":"2023-12-28T11:41:10","modified_gmt":"2023-12-28T10:41:10","slug":"wakacje-to-idealny-czas-na-questowanie-inauguracja-nowego-questu-w-parku-miniatur-juz-5-lipca-swietokrzyskie","status":"publish","type":"post","link":"https:\/\/questing.pl\/wakacje-to-idealny-czas-na-questowanie-inauguracja-nowego-questu-w-parku-miniatur-juz-5-lipca-swietokrzyskie\/","title":{"rendered":"Wakacje to idealny czas na questowanie &#8211; Inauguracja nowego questu w Parku Miniatur ju\u017c 5 lipca! (\u015aWI\u0118TOKRZYSKIE)"},"content":{"rendered":"<h2 class=\"ma-0\">Nie da si\u0119 objecha\u0107 ca\u0142ej Polski w jeden dzie\u0144, by zobaczy\u0107 wszystkie, nasze najwa\u017cniejsze zabytki. Mo\u017cna jednak podziwia\u0107 ich kopie w Ba\u0142towie. Ju\u017c w najbli\u017csz\u0105 niedziel\u0119, 5 lipca 2020 r. o godzinie 12 na terenie Parku Miniatur w Ba\u0142towskim Kompleksie Turystycznym odb\u0119dzie si\u0119 inauguracja nowego questu &#8211; &#8222;Co w zamkach straszy, czyli Polska w Miniaturze z kompanem w kapturze&#8221;. To efekt Questingowego Projektu Wsp\u00f3\u0142pracy, realizowanego przez LGD &#8222;Krzemienny Kr\u0105g&#8221;, Lokaln\u0105 Grup\u0119 Ryback\u0105 &#8222;Wielkie Jeziora Mazurskie&#8221; i LGD &#8222;\u0141\u0105czy nas Kana\u0142 Elbl\u0105ski&#8221;. Obecnie powstaj\u0105 r\u00f3wnie\u017c questy po\u015bwi\u0119cone hutniczym tradycjom Ostrowca \u015aw. &#8211; ich uroczyst\u0105 ods\u0142on\u0119 zaplanowano na wrzesie\u0144. O ciesz\u0105cych si\u0119 coraz wi\u0119ksz\u0105 popularno\u015bci\u0105 grach terenowych m\u00f3wi\u0142a na antenie Radia Rekord 89,6 FM Edyta Lenart-Wojna, prezes Fundacji Questingu.<\/h2>\n<p><a href=\"http:\/\/questing.pl\/wp-content\/uploads\/2020\/07\/106378507-907843083053362-2000733401892761987-n-1.jpg\"><img loading=\"lazy\" decoding=\"async\" class=\"aligncenter size-medium wp-image-8541\" src=\"http:\/\/questing.pl\/wp-content\/uploads\/2020\/07\/106378507-907843083053362-2000733401892761987-n-1-300x225.jpg\" alt=\"\" width=\"300\" height=\"225\" \/><\/a><\/p>\n<p><a class=\"btn\" href=\"https:\/\/swietokrzyskie.cozadzien.pl\/swietokrzyskie\/edyta-lenart-wojna-wakacje-to-idealny-czas-na-questowanie\/53968\">POS\u0141UCHAJCIE<\/a><\/p>\n","protected":false},"excerpt":{"rendered":"<p>Nie da si\u0119 objecha\u0107 ca\u0142ej Polski w jeden dzie\u0144, by zobaczy\u0107 wszystkie, nasze najwa\u017cniejsze zabytki. Mo\u017cna jednak podziwia\u0107 ich kopie w Ba\u0142towie. Ju\u017c w najbli\u017csz\u0105 niedziel\u0119, 5 lipca 2020 r. o godzinie 12 na terenie Parku Miniatur w Ba\u0142towskim Kompleksie Turystycznym odb\u0119dzie si\u0119 inauguracja nowego questu &#8211; &#8222;Co w zamkach straszy, czyli Polska w Miniaturze [&hellip;]<\/p>\n","protected":false},"author":1,"featured_media":0,"comment_status":"open","ping_status":"open","sticky":false,"template":"","format":"standard","meta":{"footnotes":""},"categories":[24],"tags":[],"class_list":["post-1158","post","type-post","status-publish","format-standard","hentry","category-aktualnosci"],"yoast_head":"<!-- This site is optimized with the Yoast SEO plugin v25.6 - https:\/\/yoast.com\/wordpress\/plugins\/seo\/ -->\n<title>Wakacje to idealny czas na questowanie - Inauguracja nowego questu w Parku Miniatur ju\u017c 5 lipca! (\u015aWI\u0118TOKRZYSKIE) - Questing<\/title>\n<meta name=\"robots\" content=\"index, follow, max-snippet:-1, max-image-preview:large, max-video-preview:-1\" \/>\n<link rel=\"canonical\" href=\"https:\/\/questing.pl\/wakacje-to-idealny-czas-na-questowanie-inauguracja-nowego-questu-w-parku-miniatur-juz-5-lipca-swietokrzyskie\/\" \/>\n<meta property=\"og:locale\" content=\"pl_PL\" \/>\n<meta property=\"og:type\" content=\"article\" \/>\n<meta property=\"og:title\" content=\"Wakacje to idealny czas na questowanie - Inauguracja nowego questu w Parku Miniatur ju\u017c 5 lipca! (\u015aWI\u0118TOKRZYSKIE) - Questing\" \/>\n<meta property=\"og:description\" content=\"Nie da si\u0119 objecha\u0107 ca\u0142ej Polski w jeden dzie\u0144, by zobaczy\u0107 wszystkie, nasze najwa\u017cniejsze zabytki. Mo\u017cna jednak podziwia\u0107 ich kopie w Ba\u0142towie. Ju\u017c w najbli\u017csz\u0105 niedziel\u0119, 5 lipca 2020 r. o godzinie 12 na terenie Parku Miniatur w Ba\u0142towskim Kompleksie Turystycznym odb\u0119dzie si\u0119 inauguracja nowego questu &#8211; &#8222;Co w zamkach straszy, czyli Polska w Miniaturze [&hellip;]\" \/>\n<meta property=\"og:url\" content=\"https:\/\/questing.pl\/wakacje-to-idealny-czas-na-questowanie-inauguracja-nowego-questu-w-parku-miniatur-juz-5-lipca-swietokrzyskie\/\" \/>\n<meta property=\"og:site_name\" content=\"Questing\" \/>\n<meta property=\"article:publisher\" content=\"https:\/\/www.facebook.com\/QuestingPL\" \/>\n<meta property=\"article:published_time\" content=\"2020-07-03T04:51:44+00:00\" \/>\n<meta property=\"article:modified_time\" content=\"2023-12-28T10:41:10+00:00\" \/>\n<meta property=\"og:image\" content=\"http:\/\/questing.pl\/wp-content\/uploads\/2020\/07\/106378507-907843083053362-2000733401892761987-n-1-300x225.jpg\" \/>\n<meta name=\"author\" content=\"admin\" \/>\n<meta name=\"twitter:card\" content=\"summary_large_image\" \/>\n<meta name=\"twitter:label1\" content=\"Napisane przez\" \/>\n\t<meta name=\"twitter:data1\" content=\"admin\" \/>\n\t<meta name=\"twitter:label2\" content=\"Szacowany czas czytania\" \/>\n\t<meta name=\"twitter:data2\" content=\"1 minuta\" \/>\n<script type=\"application\/ld+json\" class=\"yoast-schema-graph\">{\"@context\":\"https:\/\/schema.org\",\"@graph\":[{\"@type\":\"Article\",\"@id\":\"https:\/\/questing.pl\/wakacje-to-idealny-czas-na-questowanie-inauguracja-nowego-questu-w-parku-miniatur-juz-5-lipca-swietokrzyskie\/#article\",\"isPartOf\":{\"@id\":\"https:\/\/questing.pl\/wakacje-to-idealny-czas-na-questowanie-inauguracja-nowego-questu-w-parku-miniatur-juz-5-lipca-swietokrzyskie\/\"},\"author\":{\"name\":\"admin\",\"@id\":\"https:\/\/questing.pl\/#\/schema\/person\/5e7ab9abd5b3cb7c6187e740c19cdb4e\"},\"headline\":\"Wakacje to idealny czas na questowanie &#8211; Inauguracja nowego questu w Parku Miniatur ju\u017c 5 lipca! (\u015aWI\u0118TOKRZYSKIE)\",\"datePublished\":\"2020-07-03T04:51:44+00:00\",\"dateModified\":\"2023-12-28T10:41:10+00:00\",\"mainEntityOfPage\":{\"@id\":\"https:\/\/questing.pl\/wakacje-to-idealny-czas-na-questowanie-inauguracja-nowego-questu-w-parku-miniatur-juz-5-lipca-swietokrzyskie\/\"},\"wordCount\":151,\"commentCount\":0,\"publisher\":{\"@id\":\"https:\/\/questing.pl\/#organization\"},\"image\":{\"@id\":\"https:\/\/questing.pl\/wakacje-to-idealny-czas-na-questowanie-inauguracja-nowego-questu-w-parku-miniatur-juz-5-lipca-swietokrzyskie\/#primaryimage\"},\"thumbnailUrl\":\"http:\/\/questing.pl\/wp-content\/uploads\/2020\/07\/106378507-907843083053362-2000733401892761987-n-1-300x225.jpg\",\"articleSection\":[\"Aktualno\u015bci\"],\"inLanguage\":\"pl-PL\",\"potentialAction\":[{\"@type\":\"CommentAction\",\"name\":\"Comment\",\"target\":[\"https:\/\/questing.pl\/wakacje-to-idealny-czas-na-questowanie-inauguracja-nowego-questu-w-parku-miniatur-juz-5-lipca-swietokrzyskie\/#respond\"]}]},{\"@type\":\"WebPage\",\"@id\":\"https:\/\/questing.pl\/wakacje-to-idealny-czas-na-questowanie-inauguracja-nowego-questu-w-parku-miniatur-juz-5-lipca-swietokrzyskie\/\",\"url\":\"https:\/\/questing.pl\/wakacje-to-idealny-czas-na-questowanie-inauguracja-nowego-questu-w-parku-miniatur-juz-5-lipca-swietokrzyskie\/\",\"name\":\"Wakacje to idealny czas na questowanie - Inauguracja nowego questu w Parku Miniatur ju\u017c 5 lipca! (\u015aWI\u0118TOKRZYSKIE) - Questing\",\"isPartOf\":{\"@id\":\"https:\/\/questing.pl\/#website\"},\"primaryImageOfPage\":{\"@id\":\"https:\/\/questing.pl\/wakacje-to-idealny-czas-na-questowanie-inauguracja-nowego-questu-w-parku-miniatur-juz-5-lipca-swietokrzyskie\/#primaryimage\"},\"image\":{\"@id\":\"https:\/\/questing.pl\/wakacje-to-idealny-czas-na-questowanie-inauguracja-nowego-questu-w-parku-miniatur-juz-5-lipca-swietokrzyskie\/#primaryimage\"},\"thumbnailUrl\":\"http:\/\/questing.pl\/wp-content\/uploads\/2020\/07\/106378507-907843083053362-2000733401892761987-n-1-300x225.jpg\",\"datePublished\":\"2020-07-03T04:51:44+00:00\",\"dateModified\":\"2023-12-28T10:41:10+00:00\",\"breadcrumb\":{\"@id\":\"https:\/\/questing.pl\/wakacje-to-idealny-czas-na-questowanie-inauguracja-nowego-questu-w-parku-miniatur-juz-5-lipca-swietokrzyskie\/#breadcrumb\"},\"inLanguage\":\"pl-PL\",\"potentialAction\":[{\"@type\":\"ReadAction\",\"target\":[\"https:\/\/questing.pl\/wakacje-to-idealny-czas-na-questowanie-inauguracja-nowego-questu-w-parku-miniatur-juz-5-lipca-swietokrzyskie\/\"]}]},{\"@type\":\"ImageObject\",\"inLanguage\":\"pl-PL\",\"@id\":\"https:\/\/questing.pl\/wakacje-to-idealny-czas-na-questowanie-inauguracja-nowego-questu-w-parku-miniatur-juz-5-lipca-swietokrzyskie\/#primaryimage\",\"url\":\"\",\"contentUrl\":\"\"},{\"@type\":\"BreadcrumbList\",\"@id\":\"https:\/\/questing.pl\/wakacje-to-idealny-czas-na-questowanie-inauguracja-nowego-questu-w-parku-miniatur-juz-5-lipca-swietokrzyskie\/#breadcrumb\",\"itemListElement\":[{\"@type\":\"ListItem\",\"position\":1,\"name\":\"Strona g\u0142\u00f3wna\",\"item\":\"https:\/\/questing.pl\/\"},{\"@type\":\"ListItem\",\"position\":2,\"name\":\"Wakacje to idealny czas na questowanie &#8211; Inauguracja nowego questu w Parku Miniatur ju\u017c 5 lipca! (\u015aWI\u0118TOKRZYSKIE)\"}]},{\"@type\":\"WebSite\",\"@id\":\"https:\/\/questing.pl\/#website\",\"url\":\"https:\/\/questing.pl\/\",\"name\":\"Questing\",\"description\":\"\",\"publisher\":{\"@id\":\"https:\/\/questing.pl\/#organization\"},\"potentialAction\":[{\"@type\":\"SearchAction\",\"target\":{\"@type\":\"EntryPoint\",\"urlTemplate\":\"https:\/\/questing.pl\/?s={search_term_string}\"},\"query-input\":{\"@type\":\"PropertyValueSpecification\",\"valueRequired\":true,\"valueName\":\"search_term_string\"}}],\"inLanguage\":\"pl-PL\"},{\"@type\":\"Organization\",\"@id\":\"https:\/\/questing.pl\/#organization\",\"name\":\"Fundacja Questingu\",\"url\":\"https:\/\/questing.pl\/\",\"logo\":{\"@type\":\"ImageObject\",\"inLanguage\":\"pl-PL\",\"@id\":\"https:\/\/questing.pl\/#\/schema\/logo\/image\/\",\"url\":\"https:\/\/questing.pl\/wp-content\/uploads\/2023\/10\/logo.svg\",\"contentUrl\":\"https:\/\/questing.pl\/wp-content\/uploads\/2023\/10\/logo.svg\",\"width\":1,\"height\":1,\"caption\":\"Fundacja Questingu\"},\"image\":{\"@id\":\"https:\/\/questing.pl\/#\/schema\/logo\/image\/\"},\"sameAs\":[\"https:\/\/www.facebook.com\/QuestingPL\",\"https:\/\/www.instagram.com\/questing.pl\/\"]},{\"@type\":\"Person\",\"@id\":\"https:\/\/questing.pl\/#\/schema\/person\/5e7ab9abd5b3cb7c6187e740c19cdb4e\",\"name\":\"admin\",\"sameAs\":[\"https:\/\/questing.pl\"]}]}<\/script>\n<!-- \/ Yoast SEO plugin. -->","yoast_head_json":{"title":"Wakacje to idealny czas na questowanie - Inauguracja nowego questu w Parku Miniatur ju\u017c 5 lipca! (\u015aWI\u0118TOKRZYSKIE) - Questing","robots":{"index":"index","follow":"follow","max-snippet":"max-snippet:-1","max-image-preview":"max-image-preview:large","max-video-preview":"max-video-preview:-1"},"canonical":"https:\/\/questing.pl\/wakacje-to-idealny-czas-na-questowanie-inauguracja-nowego-questu-w-parku-miniatur-juz-5-lipca-swietokrzyskie\/","og_locale":"pl_PL","og_type":"article","og_title":"Wakacje to idealny czas na questowanie - Inauguracja nowego questu w Parku Miniatur ju\u017c 5 lipca! (\u015aWI\u0118TOKRZYSKIE) - Questing","og_description":"Nie da si\u0119 objecha\u0107 ca\u0142ej Polski w jeden dzie\u0144, by zobaczy\u0107 wszystkie, nasze najwa\u017cniejsze zabytki. Mo\u017cna jednak podziwia\u0107 ich kopie w Ba\u0142towie. Ju\u017c w najbli\u017csz\u0105 niedziel\u0119, 5 lipca 2020 r. o godzinie 12 na terenie Parku Miniatur w Ba\u0142towskim Kompleksie Turystycznym odb\u0119dzie si\u0119 inauguracja nowego questu &#8211; &#8222;Co w zamkach straszy, czyli Polska w Miniaturze [&hellip;]","og_url":"https:\/\/questing.pl\/wakacje-to-idealny-czas-na-questowanie-inauguracja-nowego-questu-w-parku-miniatur-juz-5-lipca-swietokrzyskie\/","og_site_name":"Questing","article_publisher":"https:\/\/www.facebook.com\/QuestingPL","article_published_time":"2020-07-03T04:51:44+00:00","article_modified_time":"2023-12-28T10:41:10+00:00","og_image":[{"url":"http:\/\/questing.pl\/wp-content\/uploads\/2020\/07\/106378507-907843083053362-2000733401892761987-n-1-300x225.jpg","type":"","width":"","height":""}],"author":"admin","twitter_card":"summary_large_image","twitter_misc":{"Napisane przez":"admin","Szacowany czas czytania":"1 minuta"},"schema":{"@context":"https:\/\/schema.org","@graph":[{"@type":"Article","@id":"https:\/\/questing.pl\/wakacje-to-idealny-czas-na-questowanie-inauguracja-nowego-questu-w-parku-miniatur-juz-5-lipca-swietokrzyskie\/#article","isPartOf":{"@id":"https:\/\/questing.pl\/wakacje-to-idealny-czas-na-questowanie-inauguracja-nowego-questu-w-parku-miniatur-juz-5-lipca-swietokrzyskie\/"},"author":{"name":"admin","@id":"https:\/\/questing.pl\/#\/schema\/person\/5e7ab9abd5b3cb7c6187e740c19cdb4e"},"headline":"Wakacje to idealny czas na questowanie &#8211; Inauguracja nowego questu w Parku Miniatur ju\u017c 5 lipca! (\u015aWI\u0118TOKRZYSKIE)","datePublished":"2020-07-03T04:51:44+00:00","dateModified":"2023-12-28T10:41:10+00:00","mainEntityOfPage":{"@id":"https:\/\/questing.pl\/wakacje-to-idealny-czas-na-questowanie-inauguracja-nowego-questu-w-parku-miniatur-juz-5-lipca-swietokrzyskie\/"},"wordCount":151,"commentCount":0,"publisher":{"@id":"https:\/\/questing.pl\/#organization"},"image":{"@id":"https:\/\/questing.pl\/wakacje-to-idealny-czas-na-questowanie-inauguracja-nowego-questu-w-parku-miniatur-juz-5-lipca-swietokrzyskie\/#primaryimage"},"thumbnailUrl":"http:\/\/questing.pl\/wp-content\/uploads\/2020\/07\/106378507-907843083053362-2000733401892761987-n-1-300x225.jpg","articleSection":["Aktualno\u015bci"],"inLanguage":"pl-PL","potentialAction":[{"@type":"CommentAction","name":"Comment","target":["https:\/\/questing.pl\/wakacje-to-idealny-czas-na-questowanie-inauguracja-nowego-questu-w-parku-miniatur-juz-5-lipca-swietokrzyskie\/#respond"]}]},{"@type":"WebPage","@id":"https:\/\/questing.pl\/wakacje-to-idealny-czas-na-questowanie-inauguracja-nowego-questu-w-parku-miniatur-juz-5-lipca-swietokrzyskie\/","url":"https:\/\/questing.pl\/wakacje-to-idealny-czas-na-questowanie-inauguracja-nowego-questu-w-parku-miniatur-juz-5-lipca-swietokrzyskie\/","name":"Wakacje to idealny czas na questowanie - Inauguracja nowego questu w Parku Miniatur ju\u017c 5 lipca! (\u015aWI\u0118TOKRZYSKIE) - Questing","isPartOf":{"@id":"https:\/\/questing.pl\/#website"},"primaryImageOfPage":{"@id":"https:\/\/questing.pl\/wakacje-to-idealny-czas-na-questowanie-inauguracja-nowego-questu-w-parku-miniatur-juz-5-lipca-swietokrzyskie\/#primaryimage"},"image":{"@id":"https:\/\/questing.pl\/wakacje-to-idealny-czas-na-questowanie-inauguracja-nowego-questu-w-parku-miniatur-juz-5-lipca-swietokrzyskie\/#primaryimage"},"thumbnailUrl":"http:\/\/questing.pl\/wp-content\/uploads\/2020\/07\/106378507-907843083053362-2000733401892761987-n-1-300x225.jpg","datePublished":"2020-07-03T04:51:44+00:00","dateModified":"2023-12-28T10:41:10+00:00","breadcrumb":{"@id":"https:\/\/questing.pl\/wakacje-to-idealny-czas-na-questowanie-inauguracja-nowego-questu-w-parku-miniatur-juz-5-lipca-swietokrzyskie\/#breadcrumb"},"inLanguage":"pl-PL","potentialAction":[{"@type":"ReadAction","target":["https:\/\/questing.pl\/wakacje-to-idealny-czas-na-questowanie-inauguracja-nowego-questu-w-parku-miniatur-juz-5-lipca-swietokrzyskie\/"]}]},{"@type":"ImageObject","inLanguage":"pl-PL","@id":"https:\/\/questing.pl\/wakacje-to-idealny-czas-na-questowanie-inauguracja-nowego-questu-w-parku-miniatur-juz-5-lipca-swietokrzyskie\/#primaryimage","url":"","contentUrl":""},{"@type":"BreadcrumbList","@id":"https:\/\/questing.pl\/wakacje-to-idealny-czas-na-questowanie-inauguracja-nowego-questu-w-parku-miniatur-juz-5-lipca-swietokrzyskie\/#breadcrumb","itemListElement":[{"@type":"ListItem","position":1,"name":"Strona g\u0142\u00f3wna","item":"https:\/\/questing.pl\/"},{"@type":"ListItem","position":2,"name":"Wakacje to idealny czas na questowanie &#8211; Inauguracja nowego questu w Parku Miniatur ju\u017c 5 lipca! (\u015aWI\u0118TOKRZYSKIE)"}]},{"@type":"WebSite","@id":"https:\/\/questing.pl\/#website","url":"https:\/\/questing.pl\/","name":"Questing","description":"","publisher":{"@id":"https:\/\/questing.pl\/#organization"},"potentialAction":[{"@type":"SearchAction","target":{"@type":"EntryPoint","urlTemplate":"https:\/\/questing.pl\/?s={search_term_string}"},"query-input":{"@type":"PropertyValueSpecification","valueRequired":true,"valueName":"search_term_string"}}],"inLanguage":"pl-PL"},{"@type":"Organization","@id":"https:\/\/questing.pl\/#organization","name":"Fundacja Questingu","url":"https:\/\/questing.pl\/","logo":{"@type":"ImageObject","inLanguage":"pl-PL","@id":"https:\/\/questing.pl\/#\/schema\/logo\/image\/","url":"https:\/\/questing.pl\/wp-content\/uploads\/2023\/10\/logo.svg","contentUrl":"https:\/\/questing.pl\/wp-content\/uploads\/2023\/10\/logo.svg","width":1,"height":1,"caption":"Fundacja Questingu"},"image":{"@id":"https:\/\/questing.pl\/#\/schema\/logo\/image\/"},"sameAs":["https:\/\/www.facebook.com\/QuestingPL","https:\/\/www.instagram.com\/questing.pl\/"]},{"@type":"Person","@id":"https:\/\/questing.pl\/#\/schema\/person\/5e7ab9abd5b3cb7c6187e740c19cdb4e","name":"admin","sameAs":["https:\/\/questing.pl"]}]}},"_links":{"self":[{"href":"https:\/\/questing.pl\/wp-api\/wp\/v2\/posts\/1158","targetHints":{"allow":["GET"]}}],"collection":[{"href":"https:\/\/questing.pl\/wp-api\/wp\/v2\/posts"}],"about":[{"href":"https:\/\/questing.pl\/wp-api\/wp\/v2\/types\/post"}],"author":[{"embeddable":true,"href":"https:\/\/questing.pl\/wp-api\/wp\/v2\/users\/1"}],"replies":[{"embeddable":true,"href":"https:\/\/questing.pl\/wp-api\/wp\/v2\/comments?post=1158"}],"version-history":[{"count":0,"href":"https:\/\/questing.pl\/wp-api\/wp\/v2\/posts\/1158\/revisions"}],"wp:attachment":[{"href":"https:\/\/questing.pl\/wp-api\/wp\/v2\/media?parent=1158"}],"wp:term":[{"taxonomy":"category","embeddable":true,"href":"https:\/\/questing.pl\/wp-api\/wp\/v2\/categories?post=1158"},{"taxonomy":"post_tag","embeddable":true,"href":"https:\/\/questing.pl\/wp-api\/wp\/v2\/tags?post=1158"}],"curies":[{"name":"wp","href":"https:\/\/api.w.org\/{rel}","templated":true}]}}